{"id":20212,"date":"2025-02-02T09:24:33","date_gmt":"2025-02-02T08:24:33","guid":{"rendered":"http:\/\/test.pironihotel.it\/2025\/02\/02\/riapertura-del-giardino-botanico-di-villa-taranto-2025\/"},"modified":"2026-03-02T10:15:13","modified_gmt":"2026-03-02T09:15:13","slug":"reouverture-du-jardin-botanique-de-villa-taranto","status":"publish","type":"post","link":"https:\/\/www.pironihotel.it\/fr\/reouverture-du-jardin-botanique-de-villa-taranto\/","title":{"rendered":"R\u00e9ouverture du Jardin botanique de Villa Taranto, du 6 mars au 8 decembre 2026"},"content":{"rendered":"\t\t<div data-elementor-type=\"wp-post\" data-elementor-id=\"20212\" class=\"elementor elementor-20212 elementor-18094\">\n\t\t\t\t\t\t<section class=\"elementor-section elementor-top-section elementor-element elementor-element-4798e96 elementor-section-boxed elementor-section-height-default elementor-section-height-default wpr-particle-no wpr-jarallax-no wpr-parallax-no wpr-sticky-section-no qodef-elementor-content-no\" data-id=\"4798e96\" data-element_type=\"section\">\n\t\t\t\t\t\t<div class=\"elementor-container elementor-column-gap-default\">\n\t\t\t\t\t<div class=\"elementor-column elementor-col-100 elementor-top-column elementor-element elementor-element-e81addb\" data-id=\"e81addb\" data-element_type=\"column\">\n\t\t\t<div class=\"elementor-widget-wrap elementor-element-populated\">\n\t\t\t\t\t\t<div class=\"elementor-element elementor-element-0b20df4 elementor-widget elementor-widget-text-editor\" data-id=\"0b20df4\" data-element_type=\"widget\" data-widget_type=\"text-editor.default\">\n\t\t\t\t<div class=\"elementor-widget-container\">\n\t\t\t\t\t\t\t\t\t<p>Ne manquez pas l&rsquo;occasion de vous promener dans les magnifiques all\u00e9es de ce c\u00e9l\u00e8bre jardin botanique. Cette ann\u00e9e,<strong> la nouveaut\u00e9 sera la possibilit\u00e9 de visiter, avec un seul billet, \u00e9galement les collections du Mus\u00e9e du Paysage de Verbania \u2013 Pallanza.<\/strong><\/p><p>\u00a0<\/p>\t\t\t\t\t\t\t\t<\/div>\n\t\t\t\t<\/div>\n\t\t\t\t<div class=\"elementor-element elementor-element-fc41063 elementor-widget elementor-widget-reina_core_button\" data-id=\"fc41063\" data-element_type=\"widget\" data-widget_type=\"reina_core_button.default\">\n\t\t\t\t<div class=\"elementor-widget-container\">\n\t\t\t\t\t<a class=\"qodef-shortcode qodef-m qodef-button qodef-layout--textual qodef-html--link\" href=\"https:\/\/www.villataranto.it\" target=\"_blank\" data-hover-color=\"#FFFFFF\" style=\"color: #3F342C\">\n\t<span class=\"qodef-m-text\">D\u00e9couvrez-en plus sur Villa Taranto\t\t<span class=\"qodef-m-strip\" ><\/span>\n\t<\/span>\n<\/a>\n\t\t\t\t<\/div>\n\t\t\t\t<\/div>\n\t\t\t\t<div class=\"elementor-element elementor-element-6064d32 elementor-widget elementor-widget-reina_core_button\" data-id=\"6064d32\" data-element_type=\"widget\" data-widget_type=\"reina_core_button.default\">\n\t\t\t\t<div class=\"elementor-widget-container\">\n\t\t\t\t\t<a class=\"qodef-shortcode qodef-m qodef-button qodef-layout--textual qodef-html--link\" href=\"https:\/\/www.museodelpaesaggio.it\/\" target=\"_blank\" data-hover-color=\"#FFFFFF\" style=\"color: #3F342C\">\n\t<span class=\"qodef-m-text\">D\u00e9couvrez-en plus sur le Mus\u00e9e du Paysage\t\t<span class=\"qodef-m-strip\" ><\/span>\n\t<\/span>\n<\/a>\n\t\t\t\t<\/div>\n\t\t\t\t<\/div>\n\t\t\t\t\t<\/div>\n\t\t<\/div>\n\t\t\t\t\t<\/div>\n\t\t<\/section>\n\t\t\t\t<\/div>\n\t\t","protected":false},"excerpt":{"rendered":"<p>Ne manquez pas l&rsquo;occasion de vous promener dans les magnifiques all\u00e9es de ce c\u00e9l\u00e8bre jardin botanique. Cette ann\u00e9e, la nouveaut\u00e9 sera la possibilit\u00e9 de visiter, avec un seul billet, \u00e9galement les collections du Mus\u00e9e du Paysage de Verbania \u2013 Pallanza. \u00a0 D\u00e9couvrez-en plus sur Villa Taranto D\u00e9couvrez-en plus sur le Mus\u00e9e du Paysage<\/p>\n","protected":false},"author":1,"featured_media":19729,"comment_status":"closed","ping_status":"closed","sticky":false,"template":"","format":"standard","meta":{"footnotes":""},"categories":[99],"tags":[],"class_list":["post-20212","post","type-post","status-publish","format-standard","has-post-thumbnail","hentry","category-rendez-vous"],"yoast_head":"<!-- This site is optimized with the Yoast SEO plugin v26.3 - https:\/\/yoast.com\/wordpress\/plugins\/seo\/ -->\n<title>R\u00e9ouverture du Jardin botanique de Villa Taranto, du 6 mars au 8 decembre 2026 - Pironi Hotel Cannobio<\/title>\n<meta name=\"robots\" content=\"index, follow, max-snippet:-1, max-image-preview:large, max-video-preview:-1\" \/>\n<link rel=\"canonical\" href=\"https:\/\/www.pironihotel.it\/fr\/reouverture-du-jardin-botanique-de-villa-taranto\/\" \/>\n<meta property=\"og:locale\" content=\"fr_FR\" \/>\n<meta property=\"og:type\" content=\"article\" \/>\n<meta property=\"og:title\" content=\"R\u00e9ouverture du Jardin botanique de Villa Taranto, du 6 mars au 8 decembre 2026 - Pironi Hotel Cannobio\" \/>\n<meta property=\"og:description\" content=\"Ne manquez pas l&rsquo;occasion de vous promener dans les magnifiques all\u00e9es de ce c\u00e9l\u00e8bre jardin botanique. Cette ann\u00e9e, la nouveaut\u00e9 sera la possibilit\u00e9 de visiter, avec un seul billet, \u00e9galement les collections du Mus\u00e9e du Paysage de Verbania \u2013 Pallanza. \u00a0 D\u00e9couvrez-en plus sur Villa Taranto D\u00e9couvrez-en plus sur le Mus\u00e9e du Paysage\" \/>\n<meta property=\"og:url\" content=\"https:\/\/www.pironihotel.it\/fr\/reouverture-du-jardin-botanique-de-villa-taranto\/\" \/>\n<meta property=\"og:site_name\" content=\"Pironi Hotel Cannobio\" \/>\n<meta property=\"article:publisher\" content=\"https:\/\/www.facebook.com\/pages\/Hotel-Pironi-Cannobio-Lago-Maggiore\/106828992705815\" \/>\n<meta property=\"article:published_time\" content=\"2025-02-02T08:24:33+00:00\" \/>\n<meta property=\"article:modified_time\" content=\"2026-03-02T09:15:13+00:00\" \/>\n<meta property=\"og:image\" content=\"https:\/\/www.pironihotel.it\/wp-content\/uploads\/2025\/02\/giardini-botanici-villa-taranto.jpg\" \/>\n\t<meta property=\"og:image:width\" content=\"800\" \/>\n\t<meta property=\"og:image:height\" content=\"600\" \/>\n\t<meta property=\"og:image:type\" content=\"image\/jpeg\" \/>\n<meta name=\"author\" content=\"info@lakeweb.it\" \/>\n<meta name=\"twitter:card\" content=\"summary_large_image\" \/>\n<meta name=\"twitter:label1\" content=\"\u00c9crit par\" \/>\n\t<meta name=\"twitter:data1\" content=\"info@lakeweb.it\" \/>\n<script type=\"application\/ld+json\" class=\"yoast-schema-graph\">{\"@context\":\"https:\/\/schema.org\",\"@graph\":[{\"@type\":\"Article\",\"@id\":\"https:\/\/www.pironihotel.it\/fr\/reouverture-du-jardin-botanique-de-villa-taranto\/#article\",\"isPartOf\":{\"@id\":\"https:\/\/www.pironihotel.it\/fr\/reouverture-du-jardin-botanique-de-villa-taranto\/\"},\"author\":{\"name\":\"info@lakeweb.it\",\"@id\":\"https:\/\/www.pironihotel.it\/fr\/#\/schema\/person\/2875cd976205c96953b5a90b45d21ed8\"},\"headline\":\"R\u00e9ouverture du Jardin botanique de Villa Taranto, du 6 mars au 8 decembre 2026\",\"datePublished\":\"2025-02-02T08:24:33+00:00\",\"dateModified\":\"2026-03-02T09:15:13+00:00\",\"mainEntityOfPage\":{\"@id\":\"https:\/\/www.pironihotel.it\/fr\/reouverture-du-jardin-botanique-de-villa-taranto\/\"},\"wordCount\":72,\"publisher\":{\"@id\":\"https:\/\/www.pironihotel.it\/fr\/#organization\"},\"image\":{\"@id\":\"https:\/\/www.pironihotel.it\/fr\/reouverture-du-jardin-botanique-de-villa-taranto\/#primaryimage\"},\"thumbnailUrl\":\"https:\/\/www.pironihotel.it\/wp-content\/uploads\/2025\/02\/giardini-botanici-villa-taranto.jpg\",\"articleSection\":[\"Rendez-vous\"],\"inLanguage\":\"fr-FR\"},{\"@type\":\"WebPage\",\"@id\":\"https:\/\/www.pironihotel.it\/fr\/reouverture-du-jardin-botanique-de-villa-taranto\/\",\"url\":\"https:\/\/www.pironihotel.it\/fr\/reouverture-du-jardin-botanique-de-villa-taranto\/\",\"name\":\"R\u00e9ouverture du Jardin botanique de Villa Taranto, du 6 mars au 8 decembre 2026 - Pironi Hotel Cannobio\",\"isPartOf\":{\"@id\":\"https:\/\/www.pironihotel.it\/fr\/#website\"},\"primaryImageOfPage\":{\"@id\":\"https:\/\/www.pironihotel.it\/fr\/reouverture-du-jardin-botanique-de-villa-taranto\/#primaryimage\"},\"image\":{\"@id\":\"https:\/\/www.pironihotel.it\/fr\/reouverture-du-jardin-botanique-de-villa-taranto\/#primaryimage\"},\"thumbnailUrl\":\"https:\/\/www.pironihotel.it\/wp-content\/uploads\/2025\/02\/giardini-botanici-villa-taranto.jpg\",\"datePublished\":\"2025-02-02T08:24:33+00:00\",\"dateModified\":\"2026-03-02T09:15:13+00:00\",\"breadcrumb\":{\"@id\":\"https:\/\/www.pironihotel.it\/fr\/reouverture-du-jardin-botanique-de-villa-taranto\/#breadcrumb\"},\"inLanguage\":\"fr-FR\",\"potentialAction\":[{\"@type\":\"ReadAction\",\"target\":[\"https:\/\/www.pironihotel.it\/fr\/reouverture-du-jardin-botanique-de-villa-taranto\/\"]}]},{\"@type\":\"ImageObject\",\"inLanguage\":\"fr-FR\",\"@id\":\"https:\/\/www.pironihotel.it\/fr\/reouverture-du-jardin-botanique-de-villa-taranto\/#primaryimage\",\"url\":\"https:\/\/www.pironihotel.it\/wp-content\/uploads\/2025\/02\/giardini-botanici-villa-taranto.jpg\",\"contentUrl\":\"https:\/\/www.pironihotel.it\/wp-content\/uploads\/2025\/02\/giardini-botanici-villa-taranto.jpg\",\"width\":800,\"height\":600,\"caption\":\"SONY DSC\"},{\"@type\":\"BreadcrumbList\",\"@id\":\"https:\/\/www.pironihotel.it\/fr\/reouverture-du-jardin-botanique-de-villa-taranto\/#breadcrumb\",\"itemListElement\":[{\"@type\":\"ListItem\",\"position\":1,\"name\":\"Home\",\"item\":\"https:\/\/www.pironihotel.it\/fr\/\"},{\"@type\":\"ListItem\",\"position\":2,\"name\":\"R\u00e9ouverture du Jardin botanique de Villa Taranto, du 6 mars au 8 decembre 2026\"}]},{\"@type\":\"WebSite\",\"@id\":\"https:\/\/www.pironihotel.it\/fr\/#website\",\"url\":\"https:\/\/www.pironihotel.it\/fr\/\",\"name\":\"Pironi Hotel Cannobio\",\"description\":\"\",\"publisher\":{\"@id\":\"https:\/\/www.pironihotel.it\/fr\/#organization\"},\"potentialAction\":[{\"@type\":\"SearchAction\",\"target\":{\"@type\":\"EntryPoint\",\"urlTemplate\":\"https:\/\/www.pironihotel.it\/fr\/?s={search_term_string}\"},\"query-input\":{\"@type\":\"PropertyValueSpecification\",\"valueRequired\":true,\"valueName\":\"search_term_string\"}}],\"inLanguage\":\"fr-FR\"},{\"@type\":\"Organization\",\"@id\":\"https:\/\/www.pironihotel.it\/fr\/#organization\",\"name\":\"Pironi Hotel\",\"url\":\"https:\/\/www.pironihotel.it\/fr\/\",\"logo\":{\"@type\":\"ImageObject\",\"inLanguage\":\"fr-FR\",\"@id\":\"https:\/\/www.pironihotel.it\/fr\/#\/schema\/logo\/image\/\",\"url\":\"https:\/\/www.pironihotel.it\/wp-content\/uploads\/2025\/03\/logo-pironi.png\",\"contentUrl\":\"https:\/\/www.pironihotel.it\/wp-content\/uploads\/2025\/03\/logo-pironi.png\",\"width\":625,\"height\":330,\"caption\":\"Pironi Hotel\"},\"image\":{\"@id\":\"https:\/\/www.pironihotel.it\/fr\/#\/schema\/logo\/image\/\"},\"sameAs\":[\"https:\/\/www.facebook.com\/pages\/Hotel-Pironi-Cannobio-Lago-Maggiore\/106828992705815\",\"https:\/\/www.instagram.com\/hotelpironi\/\"]},{\"@type\":\"Person\",\"@id\":\"https:\/\/www.pironihotel.it\/fr\/#\/schema\/person\/2875cd976205c96953b5a90b45d21ed8\",\"name\":\"info@lakeweb.it\",\"image\":{\"@type\":\"ImageObject\",\"inLanguage\":\"fr-FR\",\"@id\":\"https:\/\/www.pironihotel.it\/fr\/#\/schema\/person\/image\/\",\"url\":\"https:\/\/secure.gravatar.com\/avatar\/30771ba39916f9812d6865771807f07addc0cde569f2777e81232bbe78a602b2?s=96&d=mm&r=g\",\"contentUrl\":\"https:\/\/secure.gravatar.com\/avatar\/30771ba39916f9812d6865771807f07addc0cde569f2777e81232bbe78a602b2?s=96&d=mm&r=g\",\"caption\":\"info@lakeweb.it\"},\"sameAs\":[\"http:\/\/test.pironihotel.it\"]}]}<\/script>\n<!-- \/ Yoast SEO plugin. -->","yoast_head_json":{"title":"R\u00e9ouverture du Jardin botanique de Villa Taranto, du 6 mars au 8 decembre 2026 - Pironi Hotel Cannobio","robots":{"index":"index","follow":"follow","max-snippet":"max-snippet:-1","max-image-preview":"max-image-preview:large","max-video-preview":"max-video-preview:-1"},"canonical":"https:\/\/www.pironihotel.it\/fr\/reouverture-du-jardin-botanique-de-villa-taranto\/","og_locale":"fr_FR","og_type":"article","og_title":"R\u00e9ouverture du Jardin botanique de Villa Taranto, du 6 mars au 8 decembre 2026 - Pironi Hotel Cannobio","og_description":"Ne manquez pas l&rsquo;occasion de vous promener dans les magnifiques all\u00e9es de ce c\u00e9l\u00e8bre jardin botanique. Cette ann\u00e9e, la nouveaut\u00e9 sera la possibilit\u00e9 de visiter, avec un seul billet, \u00e9galement les collections du Mus\u00e9e du Paysage de Verbania \u2013 Pallanza. \u00a0 D\u00e9couvrez-en plus sur Villa Taranto D\u00e9couvrez-en plus sur le Mus\u00e9e du Paysage","og_url":"https:\/\/www.pironihotel.it\/fr\/reouverture-du-jardin-botanique-de-villa-taranto\/","og_site_name":"Pironi Hotel Cannobio","article_publisher":"https:\/\/www.facebook.com\/pages\/Hotel-Pironi-Cannobio-Lago-Maggiore\/106828992705815","article_published_time":"2025-02-02T08:24:33+00:00","article_modified_time":"2026-03-02T09:15:13+00:00","og_image":[{"width":800,"height":600,"url":"https:\/\/www.pironihotel.it\/wp-content\/uploads\/2025\/02\/giardini-botanici-villa-taranto.jpg","type":"image\/jpeg"}],"author":"info@lakeweb.it","twitter_card":"summary_large_image","twitter_misc":{"\u00c9crit par":"info@lakeweb.it"},"schema":{"@context":"https:\/\/schema.org","@graph":[{"@type":"Article","@id":"https:\/\/www.pironihotel.it\/fr\/reouverture-du-jardin-botanique-de-villa-taranto\/#article","isPartOf":{"@id":"https:\/\/www.pironihotel.it\/fr\/reouverture-du-jardin-botanique-de-villa-taranto\/"},"author":{"name":"info@lakeweb.it","@id":"https:\/\/www.pironihotel.it\/fr\/#\/schema\/person\/2875cd976205c96953b5a90b45d21ed8"},"headline":"R\u00e9ouverture du Jardin botanique de Villa Taranto, du 6 mars au 8 decembre 2026","datePublished":"2025-02-02T08:24:33+00:00","dateModified":"2026-03-02T09:15:13+00:00","mainEntityOfPage":{"@id":"https:\/\/www.pironihotel.it\/fr\/reouverture-du-jardin-botanique-de-villa-taranto\/"},"wordCount":72,"publisher":{"@id":"https:\/\/www.pironihotel.it\/fr\/#organization"},"image":{"@id":"https:\/\/www.pironihotel.it\/fr\/reouverture-du-jardin-botanique-de-villa-taranto\/#primaryimage"},"thumbnailUrl":"https:\/\/www.pironihotel.it\/wp-content\/uploads\/2025\/02\/giardini-botanici-villa-taranto.jpg","articleSection":["Rendez-vous"],"inLanguage":"fr-FR"},{"@type":"WebPage","@id":"https:\/\/www.pironihotel.it\/fr\/reouverture-du-jardin-botanique-de-villa-taranto\/","url":"https:\/\/www.pironihotel.it\/fr\/reouverture-du-jardin-botanique-de-villa-taranto\/","name":"R\u00e9ouverture du Jardin botanique de Villa Taranto, du 6 mars au 8 decembre 2026 - Pironi Hotel Cannobio","isPartOf":{"@id":"https:\/\/www.pironihotel.it\/fr\/#website"},"primaryImageOfPage":{"@id":"https:\/\/www.pironihotel.it\/fr\/reouverture-du-jardin-botanique-de-villa-taranto\/#primaryimage"},"image":{"@id":"https:\/\/www.pironihotel.it\/fr\/reouverture-du-jardin-botanique-de-villa-taranto\/#primaryimage"},"thumbnailUrl":"https:\/\/www.pironihotel.it\/wp-content\/uploads\/2025\/02\/giardini-botanici-villa-taranto.jpg","datePublished":"2025-02-02T08:24:33+00:00","dateModified":"2026-03-02T09:15:13+00:00","breadcrumb":{"@id":"https:\/\/www.pironihotel.it\/fr\/reouverture-du-jardin-botanique-de-villa-taranto\/#breadcrumb"},"inLanguage":"fr-FR","potentialAction":[{"@type":"ReadAction","target":["https:\/\/www.pironihotel.it\/fr\/reouverture-du-jardin-botanique-de-villa-taranto\/"]}]},{"@type":"ImageObject","inLanguage":"fr-FR","@id":"https:\/\/www.pironihotel.it\/fr\/reouverture-du-jardin-botanique-de-villa-taranto\/#primaryimage","url":"https:\/\/www.pironihotel.it\/wp-content\/uploads\/2025\/02\/giardini-botanici-villa-taranto.jpg","contentUrl":"https:\/\/www.pironihotel.it\/wp-content\/uploads\/2025\/02\/giardini-botanici-villa-taranto.jpg","width":800,"height":600,"caption":"SONY DSC"},{"@type":"BreadcrumbList","@id":"https:\/\/www.pironihotel.it\/fr\/reouverture-du-jardin-botanique-de-villa-taranto\/#breadcrumb","itemListElement":[{"@type":"ListItem","position":1,"name":"Home","item":"https:\/\/www.pironihotel.it\/fr\/"},{"@type":"ListItem","position":2,"name":"R\u00e9ouverture du Jardin botanique de Villa Taranto, du 6 mars au 8 decembre 2026"}]},{"@type":"WebSite","@id":"https:\/\/www.pironihotel.it\/fr\/#website","url":"https:\/\/www.pironihotel.it\/fr\/","name":"Pironi Hotel Cannobio","description":"","publisher":{"@id":"https:\/\/www.pironihotel.it\/fr\/#organization"},"potentialAction":[{"@type":"SearchAction","target":{"@type":"EntryPoint","urlTemplate":"https:\/\/www.pironihotel.it\/fr\/?s={search_term_string}"},"query-input":{"@type":"PropertyValueSpecification","valueRequired":true,"valueName":"search_term_string"}}],"inLanguage":"fr-FR"},{"@type":"Organization","@id":"https:\/\/www.pironihotel.it\/fr\/#organization","name":"Pironi Hotel","url":"https:\/\/www.pironihotel.it\/fr\/","logo":{"@type":"ImageObject","inLanguage":"fr-FR","@id":"https:\/\/www.pironihotel.it\/fr\/#\/schema\/logo\/image\/","url":"https:\/\/www.pironihotel.it\/wp-content\/uploads\/2025\/03\/logo-pironi.png","contentUrl":"https:\/\/www.pironihotel.it\/wp-content\/uploads\/2025\/03\/logo-pironi.png","width":625,"height":330,"caption":"Pironi Hotel"},"image":{"@id":"https:\/\/www.pironihotel.it\/fr\/#\/schema\/logo\/image\/"},"sameAs":["https:\/\/www.facebook.com\/pages\/Hotel-Pironi-Cannobio-Lago-Maggiore\/106828992705815","https:\/\/www.instagram.com\/hotelpironi\/"]},{"@type":"Person","@id":"https:\/\/www.pironihotel.it\/fr\/#\/schema\/person\/2875cd976205c96953b5a90b45d21ed8","name":"info@lakeweb.it","image":{"@type":"ImageObject","inLanguage":"fr-FR","@id":"https:\/\/www.pironihotel.it\/fr\/#\/schema\/person\/image\/","url":"https:\/\/secure.gravatar.com\/avatar\/30771ba39916f9812d6865771807f07addc0cde569f2777e81232bbe78a602b2?s=96&d=mm&r=g","contentUrl":"https:\/\/secure.gravatar.com\/avatar\/30771ba39916f9812d6865771807f07addc0cde569f2777e81232bbe78a602b2?s=96&d=mm&r=g","caption":"info@lakeweb.it"},"sameAs":["http:\/\/test.pironihotel.it"]}]}},"_links":{"self":[{"href":"https:\/\/www.pironihotel.it\/fr\/wp-json\/wp\/v2\/posts\/20212","targetHints":{"allow":["GET"]}}],"collection":[{"href":"https:\/\/www.pironihotel.it\/fr\/wp-json\/wp\/v2\/posts"}],"about":[{"href":"https:\/\/www.pironihotel.it\/fr\/wp-json\/wp\/v2\/types\/post"}],"author":[{"embeddable":true,"href":"https:\/\/www.pironihotel.it\/fr\/wp-json\/wp\/v2\/users\/1"}],"replies":[{"embeddable":true,"href":"https:\/\/www.pironihotel.it\/fr\/wp-json\/wp\/v2\/comments?post=20212"}],"version-history":[{"count":4,"href":"https:\/\/www.pironihotel.it\/fr\/wp-json\/wp\/v2\/posts\/20212\/revisions"}],"predecessor-version":[{"id":22052,"href":"https:\/\/www.pironihotel.it\/fr\/wp-json\/wp\/v2\/posts\/20212\/revisions\/22052"}],"wp:featuredmedia":[{"embeddable":true,"href":"https:\/\/www.pironihotel.it\/fr\/wp-json\/wp\/v2\/media\/19729"}],"wp:attachment":[{"href":"https:\/\/www.pironihotel.it\/fr\/wp-json\/wp\/v2\/media?parent=20212"}],"wp:term":[{"taxonomy":"category","embeddable":true,"href":"https:\/\/www.pironihotel.it\/fr\/wp-json\/wp\/v2\/categories?post=20212"},{"taxonomy":"post_tag","embeddable":true,"href":"https:\/\/www.pironihotel.it\/fr\/wp-json\/wp\/v2\/tags?post=20212"}],"curies":[{"name":"wp","href":"https:\/\/api.w.org\/{rel}","templated":true}]}}